{"id":8207,"date":"2026-08-12T15:04:31","date_gmt":"2026-08-12T13:04:31","guid":{"rendered":"https:\/\/leadergute.se\/?post_type=kalenderpost&#038;p=8207"},"modified":"2026-08-12T15:05:31","modified_gmt":"2026-08-12T13:05:31","slug":"leader-gute-pa-skordefestivalen-info-om-nya-ministod-och-ungdomstorget","status":"publish","type":"kalenderpost","link":"https:\/\/leadergute.se\/en\/kalenderpost\/leader-gute-pa-skordefestivalen-info-om-nya-ministod-och-ungdomstorget\/","title":{"rendered":"Leader Gute at the Harvest Festival \u2013 Info about new mini-supports and the Youth Square!"},"content":{"rendered":"<p>In our information booth, you can learn more about the new mini-supports. For associations in rural areas, it is <strong><em>\u201dPreparedness in the Community 2.0\u201d<\/em> <\/strong>and <strong><em>\u201dWater Conservation for Meeting Places\u201d<\/em><\/strong>. For rural businesses, it is <strong><em>\u201dFurther Develop Your Business!\u201d<\/em><\/strong> and <strong><em>\u201dDevelop Local Tourism with Sustainable Experiences \u2013 Services\u201d<\/em><\/strong>.<\/p>\n<p>At the Youth Square, young people aged approximately 12\u201325 can try activities, meet associations, and be inspired to engage. The following elements will be included:<\/p>\n<ul>\n<li>\n<div role=\"presentation\"><b>Young Vitality in Collaboration<\/b>\u00a0\u2013 Democracy Corner: How can Gotland's rural areas become more fun for young people?<\/div>\n<\/li>\n<li>\n<div role=\"presentation\"><b>The County Administrative Board of Gotland and the Governor<\/b>\u00a0\u2013 Awards for young people's voluntary engagement in Gotland's rural areas.<\/div>\n<\/li>\n<li>\n<div role=\"presentation\"><b>The Scouts \u2013 Equmenia &amp; Salt Scouts<\/b>\u00a0\u2013 Take on scout challenges and try exciting activities.<\/div>\n<\/li>\n<li>\n<div role=\"presentation\"><b>The Leisure Bank<\/b>\u00a0\u2013 Pop-up rentals and try-out activities.<\/div>\n<\/li>\n<li>\n<div role=\"presentation\"><b>The Motor Yard &amp; AMOR Youth Center in Roma<\/b>\u00a0\u2013 Create your own vinyl stickers, airbrush station where you design your own clothes, as well as chill area and youth hangout.<\/div>\n<\/li>\n<li>\n<div role=\"presentation\"><b>The Gutnisk Sports Association<\/b>\u00a0\u2013 Try Gutnisk sports.<\/div>\n<\/li>\n<li>\n<div role=\"presentation\"><b>Good Linedance<\/b>\u00a0\u2013 Dance performance and try linedance.<\/div>\n<\/li>\n<li>\n<div role=\"presentation\"><b>MK Guitars<\/b> \u2013 Exhibition with folk racing cars.<\/div>\n<\/li>\n<li><b>Young Vitality in Collaboration<\/b>\u00a0\u2013 Come and discover the Motor Group's EPA exhibition<\/li>\n<\/ul>\n<p>Read more via <a href=\"https:\/\/www.instagram.com\/unglivskraft_gotland\/\">https:\/\/www.instagram.com\/unglivskraft_gotland\/<\/a><\/p>","protected":false},"excerpt":{"rendered":"<p>Leader Gute will be present at the Harvest Festival at Gotland Green Center in Roma on September 5 and 6. Partly with an information booth about the new mini-support for the autumn, and partly the Youth Square organized by Leader Gute's Inheritance Fund-financed project \u201dYoung Vitality in Collaboration.\u201d.<\/p>","protected":false},"featured_media":8214,"template":"","meta":{"_acf_changed":false,"_et_pb_use_builder":"","_et_pb_old_content":"","_et_gb_content_width":"","_links_to":"","_links_to_target":""},"class_list":["post-8207","kalenderpost","type-kalenderpost","status-publish","has-post-thumbnail","hentry"],"acf":[],"yoast_head":"<!-- This site is optimized with the Yoast SEO plugin v28.2 - https:\/\/yoast.com\/product\/yoast-seo-wordpress\/ -->\n<title>Leader Gute p\u00e5 Sk\u00f6rdefestivalen \u2013 Info om nya minist\u00f6d och Ungdomstorget! - Leader Gute<\/title>\n<meta name=\"robots\" content=\"index, follow, max-snippet:-1, max-image-preview:large, max-video-preview:-1\" \/>\n<link rel=\"canonical\" href=\"https:\/\/leadergute.se\/en\/kalenderpost\/leader-gute-pa-skordefestivalen-info-om-nya-ministod-och-ungdomstorget\/\" \/>\n<meta property=\"og:locale\" content=\"en_US\" \/>\n<meta property=\"og:type\" content=\"article\" \/>\n<meta property=\"og:title\" content=\"Leader Gute p\u00e5 Sk\u00f6rdefestivalen \u2013 Info om nya minist\u00f6d och Ungdomstorget! - Leader Gute\" \/>\n<meta property=\"og:description\" content=\"Leader Gute finns p\u00e5 plats p\u00e5 Sk\u00f6rdefestivalen p\u00e5 Gotland Gr\u00f6nt Centrum i Roma den 5 och 6 september. Dels med en informationsmonter om h\u00f6stens nya minist\u00f6d, dels Ungdomstorget som arrangeras av Leader Gutes Arvsfondsfinansierade projekt &quot;Ung livskraft i samverkan&quot;.\" \/>\n<meta property=\"og:url\" content=\"https:\/\/leadergute.se\/en\/kalenderpost\/leader-gute-pa-skordefestivalen-info-om-nya-ministod-och-ungdomstorget\/\" \/>\n<meta property=\"og:site_name\" content=\"Leader Gute\" \/>\n<meta property=\"article:modified_time\" content=\"2026-08-12T13:05:31+00:00\" \/>\n<meta property=\"og:image\" content=\"https:\/\/leadergute.se\/wp-content\/uploads\/sites\/36\/2023\/01\/skordefestival-genre-scaled.jpeg\" \/>\n\t<meta property=\"og:image:width\" content=\"2560\" \/>\n\t<meta property=\"og:image:height\" content=\"1203\" \/>\n\t<meta property=\"og:image:type\" content=\"image\/jpeg\" \/>\n<meta name=\"twitter:card\" content=\"summary_large_image\" \/>\n<meta name=\"twitter:label1\" content=\"Est. reading time\" \/>\n\t<meta name=\"twitter:data1\" content=\"1 minute\" \/>\n<script type=\"application\/ld+json\" class=\"yoast-schema-graph\">{\"@context\":\"https:\\\/\\\/schema.org\",\"@graph\":[{\"@type\":\"WebPage\",\"@id\":\"https:\\\/\\\/leadergute.se\\\/kalenderpost\\\/leader-gute-pa-skordefestivalen-info-om-nya-ministod-och-ungdomstorget\\\/\",\"url\":\"https:\\\/\\\/leadergute.se\\\/kalenderpost\\\/leader-gute-pa-skordefestivalen-info-om-nya-ministod-och-ungdomstorget\\\/\",\"name\":\"Leader Gute p\u00e5 Sk\u00f6rdefestivalen \u2013 Info om nya minist\u00f6d och Ungdomstorget! - Leader Gute\",\"isPartOf\":{\"@id\":\"https:\\\/\\\/leadergute.se\\\/#website\"},\"primaryImageOfPage\":{\"@id\":\"https:\\\/\\\/leadergute.se\\\/kalenderpost\\\/leader-gute-pa-skordefestivalen-info-om-nya-ministod-och-ungdomstorget\\\/#primaryimage\"},\"image\":{\"@id\":\"https:\\\/\\\/leadergute.se\\\/kalenderpost\\\/leader-gute-pa-skordefestivalen-info-om-nya-ministod-och-ungdomstorget\\\/#primaryimage\"},\"thumbnailUrl\":\"https:\\\/\\\/leadergute.se\\\/wp-content\\\/uploads\\\/sites\\\/36\\\/2023\\\/01\\\/skordefestival-genre-scaled.jpeg\",\"datePublished\":\"2026-08-12T13:04:31+00:00\",\"dateModified\":\"2026-08-12T13:05:31+00:00\",\"breadcrumb\":{\"@id\":\"https:\\\/\\\/leadergute.se\\\/kalenderpost\\\/leader-gute-pa-skordefestivalen-info-om-nya-ministod-och-ungdomstorget\\\/#breadcrumb\"},\"inLanguage\":\"en-US\",\"potentialAction\":[{\"@type\":\"ReadAction\",\"target\":[\"https:\\\/\\\/leadergute.se\\\/kalenderpost\\\/leader-gute-pa-skordefestivalen-info-om-nya-ministod-och-ungdomstorget\\\/\"]}]},{\"@type\":\"ImageObject\",\"inLanguage\":\"en-US\",\"@id\":\"https:\\\/\\\/leadergute.se\\\/kalenderpost\\\/leader-gute-pa-skordefestivalen-info-om-nya-ministod-och-ungdomstorget\\\/#primaryimage\",\"url\":\"https:\\\/\\\/leadergute.se\\\/wp-content\\\/uploads\\\/sites\\\/36\\\/2023\\\/01\\\/skordefestival-genre-scaled.jpeg\",\"contentUrl\":\"https:\\\/\\\/leadergute.se\\\/wp-content\\\/uploads\\\/sites\\\/36\\\/2023\\\/01\\\/skordefestival-genre-scaled.jpeg\",\"width\":2560,\"height\":1203},{\"@type\":\"BreadcrumbList\",\"@id\":\"https:\\\/\\\/leadergute.se\\\/kalenderpost\\\/leader-gute-pa-skordefestivalen-info-om-nya-ministod-och-ungdomstorget\\\/#breadcrumb\",\"itemListElement\":[{\"@type\":\"ListItem\",\"position\":1,\"name\":\"Hem\",\"item\":\"https:\\\/\\\/leadergute.se\\\/\"},{\"@type\":\"ListItem\",\"position\":2,\"name\":\"Leader Gute p\u00e5 Sk\u00f6rdefestivalen \u2013 Info om nya minist\u00f6d och Ungdomstorget!\"}]},{\"@type\":\"WebSite\",\"@id\":\"https:\\\/\\\/leadergute.se\\\/#website\",\"url\":\"https:\\\/\\\/leadergute.se\\\/\",\"name\":\"Leader Gute\",\"description\":\"\",\"potentialAction\":[{\"@type\":\"SearchAction\",\"target\":{\"@type\":\"EntryPoint\",\"urlTemplate\":\"https:\\\/\\\/leadergute.se\\\/?s={search_term_string}\"},\"query-input\":{\"@type\":\"PropertyValueSpecification\",\"valueRequired\":true,\"valueName\":\"search_term_string\"}}],\"inLanguage\":\"en-US\"}]}<\/script>\n<!-- \/ Yoast SEO plugin. -->","yoast_head_json":{"title":"Leader Gute p\u00e5 Sk\u00f6rdefestivalen \u2013 Info om nya minist\u00f6d och Ungdomstorget! - Leader Gute","robots":{"index":"index","follow":"follow","max-snippet":"max-snippet:-1","max-image-preview":"max-image-preview:large","max-video-preview":"max-video-preview:-1"},"canonical":"https:\/\/leadergute.se\/en\/kalenderpost\/leader-gute-pa-skordefestivalen-info-om-nya-ministod-och-ungdomstorget\/","og_locale":"en_US","og_type":"article","og_title":"Leader Gute p\u00e5 Sk\u00f6rdefestivalen \u2013 Info om nya minist\u00f6d och Ungdomstorget! - Leader Gute","og_description":"Leader Gute finns p\u00e5 plats p\u00e5 Sk\u00f6rdefestivalen p\u00e5 Gotland Gr\u00f6nt Centrum i Roma den 5 och 6 september. Dels med en informationsmonter om h\u00f6stens nya minist\u00f6d, dels Ungdomstorget som arrangeras av Leader Gutes Arvsfondsfinansierade projekt \"Ung livskraft i samverkan\".","og_url":"https:\/\/leadergute.se\/en\/kalenderpost\/leader-gute-pa-skordefestivalen-info-om-nya-ministod-och-ungdomstorget\/","og_site_name":"Leader Gute","article_modified_time":"2026-08-12T13:05:31+00:00","og_image":[{"width":2560,"height":1203,"url":"https:\/\/leadergute.se\/wp-content\/uploads\/sites\/36\/2023\/01\/skordefestival-genre-scaled.jpeg","type":"image\/jpeg"}],"twitter_card":"summary_large_image","twitter_misc":{"Est. reading time":"1 minute"},"schema":{"@context":"https:\/\/schema.org","@graph":[{"@type":"WebPage","@id":"https:\/\/leadergute.se\/kalenderpost\/leader-gute-pa-skordefestivalen-info-om-nya-ministod-och-ungdomstorget\/","url":"https:\/\/leadergute.se\/kalenderpost\/leader-gute-pa-skordefestivalen-info-om-nya-ministod-och-ungdomstorget\/","name":"Leader Gute p\u00e5 Sk\u00f6rdefestivalen \u2013 Info om nya minist\u00f6d och Ungdomstorget! - Leader Gute","isPartOf":{"@id":"https:\/\/leadergute.se\/#website"},"primaryImageOfPage":{"@id":"https:\/\/leadergute.se\/kalenderpost\/leader-gute-pa-skordefestivalen-info-om-nya-ministod-och-ungdomstorget\/#primaryimage"},"image":{"@id":"https:\/\/leadergute.se\/kalenderpost\/leader-gute-pa-skordefestivalen-info-om-nya-ministod-och-ungdomstorget\/#primaryimage"},"thumbnailUrl":"https:\/\/leadergute.se\/wp-content\/uploads\/sites\/36\/2023\/01\/skordefestival-genre-scaled.jpeg","datePublished":"2026-08-12T13:04:31+00:00","dateModified":"2026-08-12T13:05:31+00:00","breadcrumb":{"@id":"https:\/\/leadergute.se\/kalenderpost\/leader-gute-pa-skordefestivalen-info-om-nya-ministod-och-ungdomstorget\/#breadcrumb"},"inLanguage":"en-US","potentialAction":[{"@type":"ReadAction","target":["https:\/\/leadergute.se\/kalenderpost\/leader-gute-pa-skordefestivalen-info-om-nya-ministod-och-ungdomstorget\/"]}]},{"@type":"ImageObject","inLanguage":"en-US","@id":"https:\/\/leadergute.se\/kalenderpost\/leader-gute-pa-skordefestivalen-info-om-nya-ministod-och-ungdomstorget\/#primaryimage","url":"https:\/\/leadergute.se\/wp-content\/uploads\/sites\/36\/2023\/01\/skordefestival-genre-scaled.jpeg","contentUrl":"https:\/\/leadergute.se\/wp-content\/uploads\/sites\/36\/2023\/01\/skordefestival-genre-scaled.jpeg","width":2560,"height":1203},{"@type":"BreadcrumbList","@id":"https:\/\/leadergute.se\/kalenderpost\/leader-gute-pa-skordefestivalen-info-om-nya-ministod-och-ungdomstorget\/#breadcrumb","itemListElement":[{"@type":"ListItem","position":1,"name":"Hem","item":"https:\/\/leadergute.se\/"},{"@type":"ListItem","position":2,"name":"Leader Gute p\u00e5 Sk\u00f6rdefestivalen \u2013 Info om nya minist\u00f6d och Ungdomstorget!"}]},{"@type":"WebSite","@id":"https:\/\/leadergute.se\/#website","url":"https:\/\/leadergute.se\/","name":"Leader Gute","description":"","potentialAction":[{"@type":"SearchAction","target":{"@type":"EntryPoint","urlTemplate":"https:\/\/leadergute.se\/?s={search_term_string}"},"query-input":{"@type":"PropertyValueSpecification","valueRequired":true,"valueName":"search_term_string"}}],"inLanguage":"en-US"}]}},"_links":{"self":[{"href":"https:\/\/leadergute.se\/en\/wp-json\/wp\/v2\/kalenderpost\/8207","targetHints":{"allow":["GET"]}}],"collection":[{"href":"https:\/\/leadergute.se\/en\/wp-json\/wp\/v2\/kalenderpost"}],"about":[{"href":"https:\/\/leadergute.se\/en\/wp-json\/wp\/v2\/types\/kalenderpost"}],"version-history":[{"count":7,"href":"https:\/\/leadergute.se\/en\/wp-json\/wp\/v2\/kalenderpost\/8207\/revisions"}],"predecessor-version":[{"id":8219,"href":"https:\/\/leadergute.se\/en\/wp-json\/wp\/v2\/kalenderpost\/8207\/revisions\/8219"}],"wp:featuredmedia":[{"embeddable":true,"href":"https:\/\/leadergute.se\/en\/wp-json\/wp\/v2\/media\/8214"}],"wp:attachment":[{"href":"https:\/\/leadergute.se\/en\/wp-json\/wp\/v2\/media?parent=8207"}],"curies":[{"name":"wp","href":"https:\/\/api.w.org\/{rel}","templated":true}]}}