{"id":8188,"date":"2026-08-10T16:02:51","date_gmt":"2026-08-10T14:02:51","guid":{"rendered":"https:\/\/leadergute.se\/?p=8188"},"modified":"2026-08-11T11:17:58","modified_gmt":"2026-08-11T09:17:58","slug":"odling-och-foradling-av-frukt-en-bransch-som-kan-vaxa-och-berika-gotland","status":"publish","type":"post","link":"https:\/\/leadergute.se\/en\/odling-och-foradling-av-frukt-en-bransch-som-kan-vaxa-och-berika-gotland\/","title":{"rendered":"Cultivation and processing of fruit \u2013 An industry that can grow and enrich Gotland!"},"content":{"rendered":"<p>Today, the fruit industry on Gotland is small. But there are good conditions for growing, for example, apples. At the same time, the demand for local Swedish fruit and products such as juice and cider is increasing. Against this background, interest in fruit has come to life seriously among a growing number of growers, food artisans, and other actors on the island.<\/p>\n<p>This has the non-profit association <em>S\u00f6rmland apples<\/em> met with education and feasibility studies on Gotland. Now the association and local businesses are moving forward with a larger development project \u2013 <em>\u201dCultivation and processing of fruit on Gotland\u201d<\/em> with funding from Leader Gute. Through skills development, exchanges of experience, and collaboration, the vision is to create a viable commercial fruit industry on the island. Something that can both strengthen Gotland's self-sufficiency and crisis preparedness, and make Gotland even more attractive as a tourist destination and food destination.<\/p>\n<p style=\"font-weight: 400;\"><strong>Gotlandsfrukt \u2013 the third generation continues to invest<\/strong><\/p>\n<p>One company involved in the project is <em>Gotland fruit<\/em> <em>K\u00e4bbe Farm<\/em> in Eksta \u2013 today the island's only dedicated commercial fruit and berry company. Here, cultivation has existed since the 1950s, and now the third generation is continuing to invest.<\/p>\n<p><img loading=\"lazy\" decoding=\"async\" class=\"alignnone size-large wp-image-8187\" src=\"https:\/\/leadergute.se\/wp-content\/uploads\/sites\/36\/2023\/01\/1.-Applen.-Slordefestivalen-1024x817.jpeg\" alt=\"\" width=\"1024\" height=\"817\" srcset=\"https:\/\/leadergute.se\/wp-content\/uploads\/sites\/36\/2023\/01\/1.-Applen.-Slordefestivalen-980x782.jpeg 980w, https:\/\/leadergute.se\/wp-content\/uploads\/sites\/36\/2023\/01\/1.-Applen.-Slordefestivalen-480x383.jpeg 480w\" sizes=\"(min-width: 0px) and (max-width: 480px) 480px, (min-width: 481px) and (max-width: 980px) 980px, (min-width: 981px) 1024px, 100vw\" \/><\/p>\n<p><em>Jonas Kebbe shows the apple juice that is sold, among other things, in the own farm shop. Here together with his son Dexter, who could become the fourth generation of fruit growers in the company!<\/em><\/p>\n<p>&nbsp;<\/p>\n<p>\u2013 I see the new project as an interesting opportunity for skills development and networking \u2013 both for our company and for all the new ones who now want to invest in the fruit industry with great enthusiasm, says <em>Jonas Kebbe<\/em> who runs Gotlandsfrukt with cultivation and <em>K\u00e4bbe Farm Cidery<\/em>.<\/p>\n<p>Sales take place in the own farm shop, but to the greatest extent via wholesalers to stores and restaurants. Here, Jonas particularly wants to highlight Keges, who \u201dare passionate about Gotlandic products.\u201d.<\/p>\n<p><img loading=\"lazy\" decoding=\"async\" class=\"alignnone size-large wp-image-8190\" src=\"https:\/\/leadergute.se\/wp-content\/uploads\/sites\/36\/2023\/01\/2-Applen-Skordefestival-2-1024x693.jpg\" alt=\"\" width=\"1024\" height=\"693\" srcset=\"https:\/\/leadergute.se\/wp-content\/uploads\/sites\/36\/2023\/01\/2-Applen-Skordefestival-2-980x663.jpg 980w, https:\/\/leadergute.se\/wp-content\/uploads\/sites\/36\/2023\/01\/2-Applen-Skordefestival-2-480x325.jpg 480w\" sizes=\"(min-width: 0px) and (max-width: 480px) 480px, (min-width: 481px) and (max-width: 980px) 980px, (min-width: 981px) 1024px, 100vw\" \/><\/p>\n<p><em>Gotlandsfrukt currently has about seven hectares of cultivation. \u2013 With more actors, we might be able to develop new products and put Gotland on the map regarding fruit. Together with the island's breweries, for example, fine cider varieties could be produced, believes Jonas Kebbe.<\/em><\/p>\n<p>&nbsp;<\/p>\n<p style=\"font-weight: 400;\"><strong>Halvfede Musteri \u2013 expands with apple cultivation<\/strong><\/p>\n<p>In 2024, <em>Halvfede Cidery<\/em> in Dalhem was taken over by <em>Maria and Matz Bengtsson<\/em>. The operation was moved to N\u00e4r and the farm where Maria grew up. Currently, the Bengtsson couple is engaged in the cider mill part-time \u2013 Maria is an osteopath and Matz runs Gumbalde Resort.<\/p>\n<p>But now they are increasing their investment by complementing the cider mill with their own apple cultivation.<\/p>\n<p><img loading=\"lazy\" decoding=\"async\" class=\"alignnone size-large wp-image-8192\" src=\"https:\/\/leadergute.se\/wp-content\/uploads\/sites\/36\/2023\/01\/3.-Applen-Skordefestivalen-kopia-1024x550.jpeg\" alt=\"\" width=\"1024\" height=\"550\" srcset=\"https:\/\/leadergute.se\/wp-content\/uploads\/sites\/36\/2023\/01\/3.-Applen-Skordefestivalen-kopia-980x526.jpeg 980w, https:\/\/leadergute.se\/wp-content\/uploads\/sites\/36\/2023\/01\/3.-Applen-Skordefestivalen-kopia-480x258.jpeg 480w\" sizes=\"(min-width: 0px) and (max-width: 480px) 480px, (min-width: 481px) and (max-width: 980px) 980px, (min-width: 981px) 1024px, 100vw\" \/><\/p>\n<p><em>Here, down towards the sea at the farm in N\u00e4r, Maria and her husband Matz will plant about 2,500 apple trees as a complement to Halvfede's cider mill. The trees are to be in place next year and eventually produce about 30 tons of apples per season.<\/em><\/p>\n<p>&nbsp;<\/p>\n<p>The plan is for Maria and Matz to gradually transition to living entirely on the farm in N\u00e4r and devote more and more to apple activities. Here, participation in the new fruit project is important to gain more knowledge and create networks.<\/p>\n<p>\u2013 We dream big and hurry slowly. We want to age with the apple cultivation, says Maria.<\/p>\n<p><img loading=\"lazy\" decoding=\"async\" class=\"alignnone size-large wp-image-8194\" src=\"https:\/\/leadergute.se\/wp-content\/uploads\/sites\/36\/2023\/01\/4.-Applen-Skordefestival-kopia-1024x979.jpeg\" alt=\"\" width=\"1024\" height=\"979\" srcset=\"https:\/\/leadergute.se\/wp-content\/uploads\/sites\/36\/2023\/01\/4.-Applen-Skordefestival-kopia-980x937.jpeg 980w, https:\/\/leadergute.se\/wp-content\/uploads\/sites\/36\/2023\/01\/4.-Applen-Skordefestival-kopia-480x459.jpeg 480w\" sizes=\"(min-width: 0px) and (max-width: 480px) 480px, (min-width: 481px) and (max-width: 980px) 980px, (min-width: 981px) 1024px, 100vw\" \/><\/p>\n<p><em>Today, Halvfede primarily produces juice from apples and pears that is sold through wholesalers. The plan moving forward is new products and a farm shop. Perhaps also collaboration with other actors in food and drink on the island. Already last year, Halvfede developed a whisky and apple mulled wine in collaboration with Br\u00e4ntings Br\u00e4nneri in Bunge.<\/em><\/p>\n<p>&nbsp;<\/p>\n<p style=\"font-weight: 400;\"><strong>The Apple Farm focuses on table fruit<\/strong><\/p>\n<p><em>Anna B\u00f6rjesson<\/em> and <em>Hannes Mattsson Gufors<\/em> runs together <em>The Apple Farm<\/em> in V\u00e4te.<\/p>\n<p>\u2013 I am a gardener and Hannes is an arborist. We are jointly investing in apple cultivation on our farms. In 2024, we planted a total of about 1,300 trees, says Anna.<\/p>\n<p>The operation is focused solely on the cultivation of apples primarily as table fruit. This year will see the first harvest and planning and dialogue for selling the fruit through various channels is underway.<\/p>\n<p><img loading=\"lazy\" decoding=\"async\" class=\"alignnone size-large wp-image-8195\" src=\"https:\/\/leadergute.se\/wp-content\/uploads\/sites\/36\/2023\/01\/5.-Applen-Skordefestivalen-kopia-1024x610.jpeg\" alt=\"\" width=\"1024\" height=\"610\" srcset=\"https:\/\/leadergute.se\/wp-content\/uploads\/sites\/36\/2023\/01\/5.-Applen-Skordefestivalen-kopia-980x583.jpeg 980w, https:\/\/leadergute.se\/wp-content\/uploads\/sites\/36\/2023\/01\/5.-Applen-Skordefestivalen-kopia-480x286.jpeg 480w\" sizes=\"(min-width: 0px) and (max-width: 480px) 480px, (min-width: 481px) and (max-width: 980px) 980px, (min-width: 981px) 1024px, 100vw\" \/><\/p>\n<p><em>Anna B\u00f6rjesson at The Apple Farm hopes that the new project will attract more people to want to invest in the fruit industry on the island. \u2013 We can inspire each other. And hopefully, we can jointly purchase equipment and find common solutions for, e.g., logistics, says Anna.<\/em><\/p>\n<p>&nbsp;<\/p>\n<p>\u2013 The new fruit project is very important. Those of us involved have different backgrounds and knowledge and can learn both through workshops and study visits within the project and from each other, says Anna.<\/p>\n<p>\u2013 Hannes and I think that apple cultivation is a fun side activity, and I truly believe that more can see the fruit industry as a complement to other businesses.<\/p>","protected":false},"excerpt":{"rendered":"<p>The interest in cultivation and processing of fruit is becoming stronger in Gotland. Now S\u00f6rmlands\u00e4pplen has started a project with support from Leader Gute to develop and expand the island's fruit industry. <\/p>","protected":false},"author":9,"featured_media":8186,"comment_status":"closed","ping_status":"closed","sticky":false,"template":"","format":"standard","meta":{"_acf_changed":false,"_et_pb_use_builder":"","_et_pb_old_content":"","_et_gb_content_width":"","footnotes":"","_links_to":"","_links_to_target":""},"categories":[1],"tags":[],"class_list":["post-8188","post","type-post","status-publish","format-standard","has-post-thumbnail","hentry","category-nyheter"],"acf":[],"yoast_head":"<!-- This site is optimized with the Yoast SEO plugin v28.2 - https:\/\/yoast.com\/product\/yoast-seo-wordpress\/ -->\n<title>Odling och f\u00f6r\u00e4dling av frukt \u2013 En bransch som kan v\u00e4xa och berika Gotland! - Leader Gute<\/title>\n<meta name=\"robots\" content=\"index, follow, max-snippet:-1, max-image-preview:large, max-video-preview:-1\" \/>\n<link rel=\"canonical\" href=\"https:\/\/leadergute.se\/en\/odling-och-foradling-av-frukt-en-bransch-som-kan-vaxa-och-berika-gotland\/\" \/>\n<meta property=\"og:locale\" content=\"en_US\" \/>\n<meta property=\"og:type\" content=\"article\" \/>\n<meta property=\"og:title\" content=\"Odling och f\u00f6r\u00e4dling av frukt \u2013 En bransch som kan v\u00e4xa och berika Gotland! - Leader Gute\" \/>\n<meta property=\"og:description\" content=\"Intresset f\u00f6r odling och f\u00f6r\u00e4dling av frukt blir allt starkare p\u00e5 Gotland. Nu har S\u00f6rmlands\u00e4pplen startat ett projekt med st\u00f6d fr\u00e5n Leader Gute f\u00f6r att utveckla och expandera \u00f6ns fruktbransch.\" \/>\n<meta property=\"og:url\" content=\"https:\/\/leadergute.se\/en\/odling-och-foradling-av-frukt-en-bransch-som-kan-vaxa-och-berika-gotland\/\" \/>\n<meta property=\"og:site_name\" content=\"Leader Gute\" \/>\n<meta property=\"article:published_time\" content=\"2026-08-10T14:02:51+00:00\" \/>\n<meta property=\"article:modified_time\" content=\"2026-08-11T09:17:58+00:00\" \/>\n<meta property=\"og:image\" content=\"https:\/\/leadergute.se\/wp-content\/uploads\/sites\/36\/2023\/01\/Applen-vinjett-webb-scaled.jpeg\" \/>\n\t<meta property=\"og:image:width\" content=\"2560\" \/>\n\t<meta property=\"og:image:height\" content=\"972\" \/>\n\t<meta property=\"og:image:type\" content=\"image\/jpeg\" \/>\n<meta name=\"author\" content=\"jorgen\" \/>\n<meta name=\"twitter:card\" content=\"summary_large_image\" \/>\n<meta name=\"twitter:label1\" content=\"Written by\" \/>\n\t<meta name=\"twitter:data1\" content=\"jorgen\" \/>\n\t<meta name=\"twitter:label2\" content=\"Est. reading time\" \/>\n\t<meta name=\"twitter:data2\" content=\"5 minutes\" \/>\n<script type=\"application\/ld+json\" class=\"yoast-schema-graph\">{\"@context\":\"https:\\\/\\\/schema.org\",\"@graph\":[{\"@type\":\"Article\",\"@id\":\"https:\\\/\\\/leadergute.se\\\/odling-och-foradling-av-frukt-en-bransch-som-kan-vaxa-och-berika-gotland\\\/#article\",\"isPartOf\":{\"@id\":\"https:\\\/\\\/leadergute.se\\\/odling-och-foradling-av-frukt-en-bransch-som-kan-vaxa-och-berika-gotland\\\/\"},\"author\":{\"name\":\"jorgen\",\"@id\":\"https:\\\/\\\/leadergute.se\\\/#\\\/schema\\\/person\\\/a0d04777a5cacd84f5fe17b1517e9ff2\"},\"headline\":\"Odling och f\u00f6r\u00e4dling av frukt \u2013 En bransch som kan v\u00e4xa och berika Gotland!\",\"datePublished\":\"2026-08-10T14:02:51+00:00\",\"dateModified\":\"2026-08-11T09:17:58+00:00\",\"mainEntityOfPage\":{\"@id\":\"https:\\\/\\\/leadergute.se\\\/odling-och-foradling-av-frukt-en-bransch-som-kan-vaxa-och-berika-gotland\\\/\"},\"wordCount\":793,\"image\":{\"@id\":\"https:\\\/\\\/leadergute.se\\\/odling-och-foradling-av-frukt-en-bransch-som-kan-vaxa-och-berika-gotland\\\/#primaryimage\"},\"thumbnailUrl\":\"https:\\\/\\\/leadergute.se\\\/wp-content\\\/uploads\\\/sites\\\/36\\\/2023\\\/01\\\/Applen-vinjett-webb-scaled.jpeg\",\"articleSection\":[\"Nyheter\"],\"inLanguage\":\"en-US\"},{\"@type\":\"WebPage\",\"@id\":\"https:\\\/\\\/leadergute.se\\\/odling-och-foradling-av-frukt-en-bransch-som-kan-vaxa-och-berika-gotland\\\/\",\"url\":\"https:\\\/\\\/leadergute.se\\\/odling-och-foradling-av-frukt-en-bransch-som-kan-vaxa-och-berika-gotland\\\/\",\"name\":\"Odling och f\u00f6r\u00e4dling av frukt \u2013 En bransch som kan v\u00e4xa och berika Gotland! - Leader Gute\",\"isPartOf\":{\"@id\":\"https:\\\/\\\/leadergute.se\\\/#website\"},\"primaryImageOfPage\":{\"@id\":\"https:\\\/\\\/leadergute.se\\\/odling-och-foradling-av-frukt-en-bransch-som-kan-vaxa-och-berika-gotland\\\/#primaryimage\"},\"image\":{\"@id\":\"https:\\\/\\\/leadergute.se\\\/odling-och-foradling-av-frukt-en-bransch-som-kan-vaxa-och-berika-gotland\\\/#primaryimage\"},\"thumbnailUrl\":\"https:\\\/\\\/leadergute.se\\\/wp-content\\\/uploads\\\/sites\\\/36\\\/2023\\\/01\\\/Applen-vinjett-webb-scaled.jpeg\",\"datePublished\":\"2026-08-10T14:02:51+00:00\",\"dateModified\":\"2026-08-11T09:17:58+00:00\",\"author\":{\"@id\":\"https:\\\/\\\/leadergute.se\\\/#\\\/schema\\\/person\\\/a0d04777a5cacd84f5fe17b1517e9ff2\"},\"breadcrumb\":{\"@id\":\"https:\\\/\\\/leadergute.se\\\/odling-och-foradling-av-frukt-en-bransch-som-kan-vaxa-och-berika-gotland\\\/#breadcrumb\"},\"inLanguage\":\"en-US\",\"potentialAction\":[{\"@type\":\"ReadAction\",\"target\":[\"https:\\\/\\\/leadergute.se\\\/odling-och-foradling-av-frukt-en-bransch-som-kan-vaxa-och-berika-gotland\\\/\"]}]},{\"@type\":\"ImageObject\",\"inLanguage\":\"en-US\",\"@id\":\"https:\\\/\\\/leadergute.se\\\/odling-och-foradling-av-frukt-en-bransch-som-kan-vaxa-och-berika-gotland\\\/#primaryimage\",\"url\":\"https:\\\/\\\/leadergute.se\\\/wp-content\\\/uploads\\\/sites\\\/36\\\/2023\\\/01\\\/Applen-vinjett-webb-scaled.jpeg\",\"contentUrl\":\"https:\\\/\\\/leadergute.se\\\/wp-content\\\/uploads\\\/sites\\\/36\\\/2023\\\/01\\\/Applen-vinjett-webb-scaled.jpeg\",\"width\":2560,\"height\":972},{\"@type\":\"BreadcrumbList\",\"@id\":\"https:\\\/\\\/leadergute.se\\\/odling-och-foradling-av-frukt-en-bransch-som-kan-vaxa-och-berika-gotland\\\/#breadcrumb\",\"itemListElement\":[{\"@type\":\"ListItem\",\"position\":1,\"name\":\"Hem\",\"item\":\"https:\\\/\\\/leadergute.se\\\/\"},{\"@type\":\"ListItem\",\"position\":2,\"name\":\"Odling och f\u00f6r\u00e4dling av frukt \u2013 En bransch som kan v\u00e4xa och berika Gotland!\"}]},{\"@type\":\"WebSite\",\"@id\":\"https:\\\/\\\/leadergute.se\\\/#website\",\"url\":\"https:\\\/\\\/leadergute.se\\\/\",\"name\":\"Leader Gute\",\"description\":\"\",\"potentialAction\":[{\"@type\":\"SearchAction\",\"target\":{\"@type\":\"EntryPoint\",\"urlTemplate\":\"https:\\\/\\\/leadergute.se\\\/?s={search_term_string}\"},\"query-input\":{\"@type\":\"PropertyValueSpecification\",\"valueRequired\":true,\"valueName\":\"search_term_string\"}}],\"inLanguage\":\"en-US\"},{\"@type\":\"Person\",\"@id\":\"https:\\\/\\\/leadergute.se\\\/#\\\/schema\\\/person\\\/a0d04777a5cacd84f5fe17b1517e9ff2\",\"name\":\"jorgen\",\"image\":{\"@type\":\"ImageObject\",\"inLanguage\":\"en-US\",\"@id\":\"https:\\\/\\\/secure.gravatar.com\\\/avatar\\\/2d110fef37f8f5c6fc541384f74b678677f604e139699120ae022353ef094433?s=96&d=mm&r=g\",\"url\":\"https:\\\/\\\/secure.gravatar.com\\\/avatar\\\/2d110fef37f8f5c6fc541384f74b678677f604e139699120ae022353ef094433?s=96&d=mm&r=g\",\"contentUrl\":\"https:\\\/\\\/secure.gravatar.com\\\/avatar\\\/2d110fef37f8f5c6fc541384f74b678677f604e139699120ae022353ef094433?s=96&d=mm&r=g\",\"caption\":\"jorgen\"}}]}<\/script>\n<!-- \/ Yoast SEO plugin. -->","yoast_head_json":{"title":"Odling och f\u00f6r\u00e4dling av frukt \u2013 En bransch som kan v\u00e4xa och berika Gotland! - Leader Gute","robots":{"index":"index","follow":"follow","max-snippet":"max-snippet:-1","max-image-preview":"max-image-preview:large","max-video-preview":"max-video-preview:-1"},"canonical":"https:\/\/leadergute.se\/en\/odling-och-foradling-av-frukt-en-bransch-som-kan-vaxa-och-berika-gotland\/","og_locale":"en_US","og_type":"article","og_title":"Odling och f\u00f6r\u00e4dling av frukt \u2013 En bransch som kan v\u00e4xa och berika Gotland! - Leader Gute","og_description":"Intresset f\u00f6r odling och f\u00f6r\u00e4dling av frukt blir allt starkare p\u00e5 Gotland. Nu har S\u00f6rmlands\u00e4pplen startat ett projekt med st\u00f6d fr\u00e5n Leader Gute f\u00f6r att utveckla och expandera \u00f6ns fruktbransch.","og_url":"https:\/\/leadergute.se\/en\/odling-och-foradling-av-frukt-en-bransch-som-kan-vaxa-och-berika-gotland\/","og_site_name":"Leader Gute","article_published_time":"2026-08-10T14:02:51+00:00","article_modified_time":"2026-08-11T09:17:58+00:00","og_image":[{"width":2560,"height":972,"url":"https:\/\/leadergute.se\/wp-content\/uploads\/sites\/36\/2023\/01\/Applen-vinjett-webb-scaled.jpeg","type":"image\/jpeg"}],"author":"jorgen","twitter_card":"summary_large_image","twitter_misc":{"Written by":"jorgen","Est. reading time":"5 minutes"},"schema":{"@context":"https:\/\/schema.org","@graph":[{"@type":"Article","@id":"https:\/\/leadergute.se\/odling-och-foradling-av-frukt-en-bransch-som-kan-vaxa-och-berika-gotland\/#article","isPartOf":{"@id":"https:\/\/leadergute.se\/odling-och-foradling-av-frukt-en-bransch-som-kan-vaxa-och-berika-gotland\/"},"author":{"name":"jorgen","@id":"https:\/\/leadergute.se\/#\/schema\/person\/a0d04777a5cacd84f5fe17b1517e9ff2"},"headline":"Odling och f\u00f6r\u00e4dling av frukt \u2013 En bransch som kan v\u00e4xa och berika Gotland!","datePublished":"2026-08-10T14:02:51+00:00","dateModified":"2026-08-11T09:17:58+00:00","mainEntityOfPage":{"@id":"https:\/\/leadergute.se\/odling-och-foradling-av-frukt-en-bransch-som-kan-vaxa-och-berika-gotland\/"},"wordCount":793,"image":{"@id":"https:\/\/leadergute.se\/odling-och-foradling-av-frukt-en-bransch-som-kan-vaxa-och-berika-gotland\/#primaryimage"},"thumbnailUrl":"https:\/\/leadergute.se\/wp-content\/uploads\/sites\/36\/2023\/01\/Applen-vinjett-webb-scaled.jpeg","articleSection":["Nyheter"],"inLanguage":"en-US"},{"@type":"WebPage","@id":"https:\/\/leadergute.se\/odling-och-foradling-av-frukt-en-bransch-som-kan-vaxa-och-berika-gotland\/","url":"https:\/\/leadergute.se\/odling-och-foradling-av-frukt-en-bransch-som-kan-vaxa-och-berika-gotland\/","name":"Odling och f\u00f6r\u00e4dling av frukt \u2013 En bransch som kan v\u00e4xa och berika Gotland! - Leader Gute","isPartOf":{"@id":"https:\/\/leadergute.se\/#website"},"primaryImageOfPage":{"@id":"https:\/\/leadergute.se\/odling-och-foradling-av-frukt-en-bransch-som-kan-vaxa-och-berika-gotland\/#primaryimage"},"image":{"@id":"https:\/\/leadergute.se\/odling-och-foradling-av-frukt-en-bransch-som-kan-vaxa-och-berika-gotland\/#primaryimage"},"thumbnailUrl":"https:\/\/leadergute.se\/wp-content\/uploads\/sites\/36\/2023\/01\/Applen-vinjett-webb-scaled.jpeg","datePublished":"2026-08-10T14:02:51+00:00","dateModified":"2026-08-11T09:17:58+00:00","author":{"@id":"https:\/\/leadergute.se\/#\/schema\/person\/a0d04777a5cacd84f5fe17b1517e9ff2"},"breadcrumb":{"@id":"https:\/\/leadergute.se\/odling-och-foradling-av-frukt-en-bransch-som-kan-vaxa-och-berika-gotland\/#breadcrumb"},"inLanguage":"en-US","potentialAction":[{"@type":"ReadAction","target":["https:\/\/leadergute.se\/odling-och-foradling-av-frukt-en-bransch-som-kan-vaxa-och-berika-gotland\/"]}]},{"@type":"ImageObject","inLanguage":"en-US","@id":"https:\/\/leadergute.se\/odling-och-foradling-av-frukt-en-bransch-som-kan-vaxa-och-berika-gotland\/#primaryimage","url":"https:\/\/leadergute.se\/wp-content\/uploads\/sites\/36\/2023\/01\/Applen-vinjett-webb-scaled.jpeg","contentUrl":"https:\/\/leadergute.se\/wp-content\/uploads\/sites\/36\/2023\/01\/Applen-vinjett-webb-scaled.jpeg","width":2560,"height":972},{"@type":"BreadcrumbList","@id":"https:\/\/leadergute.se\/odling-och-foradling-av-frukt-en-bransch-som-kan-vaxa-och-berika-gotland\/#breadcrumb","itemListElement":[{"@type":"ListItem","position":1,"name":"Hem","item":"https:\/\/leadergute.se\/"},{"@type":"ListItem","position":2,"name":"Odling och f\u00f6r\u00e4dling av frukt \u2013 En bransch som kan v\u00e4xa och berika Gotland!"}]},{"@type":"WebSite","@id":"https:\/\/leadergute.se\/#website","url":"https:\/\/leadergute.se\/","name":"Leader Gute","description":"","potentialAction":[{"@type":"SearchAction","target":{"@type":"EntryPoint","urlTemplate":"https:\/\/leadergute.se\/?s={search_term_string}"},"query-input":{"@type":"PropertyValueSpecification","valueRequired":true,"valueName":"search_term_string"}}],"inLanguage":"en-US"},{"@type":"Person","@id":"https:\/\/leadergute.se\/#\/schema\/person\/a0d04777a5cacd84f5fe17b1517e9ff2","name":"jorgen","image":{"@type":"ImageObject","inLanguage":"en-US","@id":"https:\/\/secure.gravatar.com\/avatar\/2d110fef37f8f5c6fc541384f74b678677f604e139699120ae022353ef094433?s=96&d=mm&r=g","url":"https:\/\/secure.gravatar.com\/avatar\/2d110fef37f8f5c6fc541384f74b678677f604e139699120ae022353ef094433?s=96&d=mm&r=g","contentUrl":"https:\/\/secure.gravatar.com\/avatar\/2d110fef37f8f5c6fc541384f74b678677f604e139699120ae022353ef094433?s=96&d=mm&r=g","caption":"jorgen"}}]}},"_links":{"self":[{"href":"https:\/\/leadergute.se\/en\/wp-json\/wp\/v2\/posts\/8188","targetHints":{"allow":["GET"]}}],"collection":[{"href":"https:\/\/leadergute.se\/en\/wp-json\/wp\/v2\/posts"}],"about":[{"href":"https:\/\/leadergute.se\/en\/wp-json\/wp\/v2\/types\/post"}],"author":[{"embeddable":true,"href":"https:\/\/leadergute.se\/en\/wp-json\/wp\/v2\/users\/9"}],"replies":[{"embeddable":true,"href":"https:\/\/leadergute.se\/en\/wp-json\/wp\/v2\/comments?post=8188"}],"version-history":[{"count":11,"href":"https:\/\/leadergute.se\/en\/wp-json\/wp\/v2\/posts\/8188\/revisions"}],"predecessor-version":[{"id":8205,"href":"https:\/\/leadergute.se\/en\/wp-json\/wp\/v2\/posts\/8188\/revisions\/8205"}],"wp:featuredmedia":[{"embeddable":true,"href":"https:\/\/leadergute.se\/en\/wp-json\/wp\/v2\/media\/8186"}],"wp:attachment":[{"href":"https:\/\/leadergute.se\/en\/wp-json\/wp\/v2\/media?parent=8188"}],"wp:term":[{"taxonomy":"category","embeddable":true,"href":"https:\/\/leadergute.se\/en\/wp-json\/wp\/v2\/categories?post=8188"},{"taxonomy":"post_tag","embeddable":true,"href":"https:\/\/leadergute.se\/en\/wp-json\/wp\/v2\/tags?post=8188"}],"curies":[{"name":"wp","href":"https:\/\/api.w.org\/{rel}","templated":true}]}}