{"id":8395,"date":"2026-09-02T13:40:59","date_gmt":"2026-09-02T11:40:59","guid":{"rendered":"https:\/\/leadergute.se\/?p=8395"},"modified":"2026-09-02T15:25:20","modified_gmt":"2026-09-02T13:25:20","slug":"sista-chansen-att-soka-storre-projektstod-fran-leader-gute-under-denna-period","status":"publish","type":"post","link":"https:\/\/leadergute.se\/en\/sista-chansen-att-soka-storre-projektstod-fran-leader-gute-under-denna-period\/","title":{"rendered":"Last chance to apply for larger project support from Leader Gute during this period"},"content":{"rendered":"<p>\u2013 The 27 project supports we have prioritized so far are spread across the island's rural areas and apply to both associations and companies. It is very positive that there is such a great interest in developing the local areas with the help of our supports. Among the prioritized projects, there is a wide range that provides different types of rural benefits, says the operations manager of Leader Gute <em>Ellen Lundqvist<\/em>.<\/p>\n<p style=\"font-weight: 400;\">Short articles about all 27 prioritized projects are available to read <a href=\"https:\/\/leadergute.se\/en\/projektstod-karta-2024-2027\/\"><strong><em>HERE<\/em><\/strong><\/a><\/p>\n<p style=\"font-weight: 400;\"><strong>Only two types of project supports available<\/strong><\/p>\n<p style=\"font-weight: 400;\">So now it is the last chance to apply for larger project support in this program period. There are only limited funds left to apply for within two types of project supports:<\/p>\n<ul>\n<li>Within <strong><em>General project support<\/em> <\/strong>a total of 500,000 kronor left to apply for. It must be implementation projects \u2013 feasibility studies cannot be applied for. The project must also fit into one of Leader Gute's three focus areas: <em>Living and residing on the entire island, Accelerating climate and energy transition<\/em> or <em>Sustainable business<\/em>.<\/li>\n<li>Within <strong><em>the call for Rural Enterprises<\/em><\/strong> there are 600,000 kronor left to apply for (two supports of max 300,000 kronor each). The support is aimed at companies that have an address and operations in rural areas. It should be used for sustainable new initiatives. However, not within primary production. The project must be carried out in collaboration with at least two other actors.<\/li>\n<\/ul>\n<p style=\"font-weight: 400;\"><strong>Checklist, application, and prioritization in case of funding shortage<\/strong><\/p>\n<p style=\"font-weight: 400;\">Read more about the remaining project supports and how to first submit a checklist and then apply <a href=\"https:\/\/leadergute.se\/en\/projektstod-ingang\/\"><strong><em>HERE<\/em><\/strong><\/a><\/p>\n<p style=\"font-weight: 400;\"><strong><em>Checklist must be in the hands of Leader Gute<\/em> by\u00a0<em>September 15, 2026<\/em>\u00a0<\/strong>for application in the Swedish Board of Agriculture&#039;s E-service no later than\u00a0<em>October 12, 2026<\/em>. Prioritization is done by Leader Gute's board <em>December 3, 2026<\/em>. The Swedish Board of Agriculture then makes a decision.<\/p>\n<p style=\"font-weight: 400;\">If applications come in that together correspond to a larger sum than the remaining budget, we must prioritize based on funding shortage. Therefore, Leader Gute's board has established guidelines for prioritizing projects in case of funding shortage. The entire document with all information about the guidelines for prioritizing projects in case of funding shortage is available <a href=\"https:\/\/leadergute.se\/wp-content\/uploads\/sites\/36\/2023\/01\/Riktlinjer-for-prioritering-av-projekt-vid-medelsbrist.pdf\"><strong><em>HERE.<\/em><\/strong><\/a><\/p>\n<p style=\"font-weight: 400;\"><strong>We continue to offer support for mini-projects!<\/strong><\/p>\n<p style=\"font-weight: 400;\">Even though the funds for larger project support are soon completely exhausted, we continue to offer several different mini-supports to both associations and companies \u2013 now and in the future.<\/p>\n<p style=\"font-weight: 400;\">Right now, the following mini-supports are available to apply for:<\/p>\n<p style=\"font-weight: 400;\"><strong>Themes for non-profit activities<\/strong><\/p>\n<p style=\"font-weight: 400;\"><a href=\"https:\/\/leadergute.se\/en\/projektstod-fyra-steg\/levande-bygder-forstudier\/?et_fb=1&amp;PageSpeed=off\"><strong><em>Pre-studies in collaboration \u2013 develop your local vitality!<\/em><\/strong><\/a><\/p>\n<p style=\"font-weight: 400;\"><a href=\"https:\/\/leadergute.se\/en\/projektstod-fyra-steg\/ministod-ung-fritid-2025\/\"><strong><em>Young Leisure<\/em><\/strong><\/a><\/p>\n<p style=\"font-weight: 400;\"><a href=\"https:\/\/leadergute.se\/en\/projektstod-fyra-steg\/ministod-ung-miljo\/?et_fb=1&amp;PageSpeed=off\"><strong><em>Young Environment<\/em><\/strong><\/a><\/p>\n<p style=\"font-weight: 400;\"><a href=\"https:\/\/leadergute.se\/en\/projektstod-fyra-steg\/ministod-foreningar-kulturarrangorskap-och-inkludering\/\"><strong><em>Skills development for associations: Cultural organizing and inclusion<\/em><\/strong><\/a><\/p>\n<p style=\"font-weight: 400;\"><a href=\"https:\/\/leadergute.se\/en\/projektstod-fyra-steg\/ministod-energibesparing-for-motesplatser2-0\/\"><strong><em>Energy saving for meeting places 2.0<\/em><\/strong><\/a><\/p>\n<p style=\"font-weight: 400;\"><a href=\"https:\/\/leadergute.se\/en\/projektstod-fyra-steg\/ministod-beredskap-i-bygden-2-0\/\"><strong><em>Preparedness in the community 2.0\u00a0<\/em><\/strong><\/a><\/p>\n<p style=\"font-weight: 400;\"><a href=\"https:\/\/leadergute.se\/en\/projektstod-fyra-steg\/ministod-vattenbesparing-for-motesplatser\/\"><strong><em>Water conservation for meeting places<\/em><\/strong><\/a><\/p>\n<p style=\"font-weight: 400;\"><strong>Themes for companies<\/strong><\/p>\n<p style=\"font-weight: 400;\"><a href=\"https:\/\/leadergute.se\/en\/projektstod-fyra-steg\/ministod-starkt-kulturforetagande\/\"><strong><em>Skills development: Strengthened Cultural Entrepreneurship<\/em><\/strong><\/a><\/p>\n<p style=\"font-weight: 400;\"><a href=\"https:\/\/leadergute.se\/en\/projektstod-fyra-steg\/foretag-som-forbattrar-miljon\/\"><strong><em>Companies that improve the environment \u2013 Purchasing services or products<\/em><\/strong><\/a><\/p>\n<p style=\"font-weight: 400;\"><a href=\"https:\/\/leadergute.se\/en\/projektstod-fyra-steg\/ministod-beredskap-for-foretag\/\"><strong><em>Preparedness for rural businesses \u2013 Purchasing services or products<\/em><\/strong><\/a><\/p>\n<p style=\"font-weight: 400;\"><a href=\"https:\/\/leadergute.se\/en\/projektstod-fyra-steg\/ministod-vidareutveckla-ert-foretag\/\"><strong><em>Further develop your company<\/em><\/strong><\/a><\/p>\n<p style=\"font-weight: 400;\"><a href=\"https:\/\/leadergute.se\/en\/projektstod-fyra-steg\/ministod-utveckla-lokal-besoksnaring-med-hallbara-upplevelser\/\"><strong><em>Develop local tourism with sustainable experiences \u2013 Services<\/em><\/strong><\/a><\/p>\n<p style=\"font-weight: 400;\">Several new themes for mini-supports are continuously added.<\/p>\n<p style=\"font-weight: 400;\">General information about mini-supports is available<a href=\"https:\/\/leadergute.se\/en\/stod-till-miniprojekt\/\"> <strong><em>HERE<\/em><\/strong><\/a><\/p>","protected":false},"excerpt":{"rendered":"<p>During this program period (2023\u20132027), Leader Gute has so far prioritized 27 larger project supports for a total of 14.5 million kronor. Now there are limited funds left to apply for \u2013 send in a checklist by September 15 to Leader Gute if you want to apply for project support from us! When it comes to mini-supports, there are several different supports for both associations and companies to apply for now and in the future.<\/p>","protected":false},"author":9,"featured_media":6679,"comment_status":"closed","ping_status":"closed","sticky":false,"template":"","format":"standard","meta":{"_acf_changed":false,"_et_pb_use_builder":"","_et_pb_old_content":"","_et_gb_content_width":"","footnotes":"","_links_to":"","_links_to_target":""},"categories":[1],"tags":[],"class_list":["post-8395","post","type-post","status-publish","format-standard","has-post-thumbnail","hentry","category-nyheter"],"acf":[],"yoast_head":"<!-- This site is optimized with the Yoast SEO plugin v28.2 - https:\/\/yoast.com\/product\/yoast-seo-wordpress\/ -->\n<title>Sista chansen att s\u00f6ka st\u00f6rre projektst\u00f6d fr\u00e5n Leader Gute under denna period - Leader Gute<\/title>\n<meta name=\"robots\" content=\"index, follow, max-snippet:-1, max-image-preview:large, max-video-preview:-1\" \/>\n<link rel=\"canonical\" href=\"https:\/\/leadergute.se\/en\/sista-chansen-att-soka-storre-projektstod-fran-leader-gute-under-denna-period\/\" \/>\n<meta property=\"og:locale\" content=\"en_US\" \/>\n<meta property=\"og:type\" content=\"article\" \/>\n<meta property=\"og:title\" content=\"Sista chansen att s\u00f6ka st\u00f6rre projektst\u00f6d fr\u00e5n Leader Gute under denna period - Leader Gute\" \/>\n<meta property=\"og:description\" content=\"Under denna programperiod (2023\u20132027) har Leader Gute hittills prioriterat 27 st\u00f6rre projektst\u00f6d f\u00f6r totalt 14,5 miljoner kronor. Nu finns begr\u00e4nsade medel kvar att s\u00f6ka \u2013 skicka in en checklista senast den 15 september till Leader Gute om ni vill s\u00f6ka projektst\u00f6d av oss! N\u00e4r det g\u00e4ller minist\u00f6d finns det flera olika st\u00f6d f\u00f6r b\u00e5de f\u00f6reningar och f\u00f6retag att s\u00f6ka nu och fram\u00e5t i tiden.\" \/>\n<meta property=\"og:url\" content=\"https:\/\/leadergute.se\/en\/sista-chansen-att-soka-storre-projektstod-fran-leader-gute-under-denna-period\/\" \/>\n<meta property=\"og:site_name\" content=\"Leader Gute\" \/>\n<meta property=\"article:published_time\" content=\"2026-09-02T11:40:59+00:00\" \/>\n<meta property=\"article:modified_time\" content=\"2026-09-02T13:25:20+00:00\" \/>\n<meta property=\"og:image\" content=\"https:\/\/leadergute.se\/wp-content\/uploads\/sites\/36\/2025\/08\/Projektstod-langsmal-bild-scaled.jpg\" \/>\n\t<meta property=\"og:image:width\" content=\"2560\" \/>\n\t<meta property=\"og:image:height\" content=\"1090\" \/>\n\t<meta property=\"og:image:type\" content=\"image\/jpeg\" \/>\n<meta name=\"author\" content=\"jorgen\" \/>\n<meta name=\"twitter:card\" content=\"summary_large_image\" \/>\n<meta name=\"twitter:label1\" content=\"Written by\" \/>\n\t<meta name=\"twitter:data1\" content=\"jorgen\" \/>\n\t<meta name=\"twitter:label2\" content=\"Est. reading time\" \/>\n\t<meta name=\"twitter:data2\" content=\"3 minutes\" \/>\n<script type=\"application\/ld+json\" class=\"yoast-schema-graph\">{\"@context\":\"https:\\\/\\\/schema.org\",\"@graph\":[{\"@type\":\"Article\",\"@id\":\"https:\\\/\\\/leadergute.se\\\/sista-chansen-att-soka-storre-projektstod-fran-leader-gute-under-denna-period\\\/#article\",\"isPartOf\":{\"@id\":\"https:\\\/\\\/leadergute.se\\\/sista-chansen-att-soka-storre-projektstod-fran-leader-gute-under-denna-period\\\/\"},\"author\":{\"name\":\"jorgen\",\"@id\":\"https:\\\/\\\/leadergute.se\\\/#\\\/schema\\\/person\\\/a0d04777a5cacd84f5fe17b1517e9ff2\"},\"headline\":\"Sista chansen att s\u00f6ka st\u00f6rre projektst\u00f6d fr\u00e5n Leader Gute under denna period\",\"datePublished\":\"2026-09-02T11:40:59+00:00\",\"dateModified\":\"2026-09-02T13:25:20+00:00\",\"mainEntityOfPage\":{\"@id\":\"https:\\\/\\\/leadergute.se\\\/sista-chansen-att-soka-storre-projektstod-fran-leader-gute-under-denna-period\\\/\"},\"wordCount\":533,\"image\":{\"@id\":\"https:\\\/\\\/leadergute.se\\\/sista-chansen-att-soka-storre-projektstod-fran-leader-gute-under-denna-period\\\/#primaryimage\"},\"thumbnailUrl\":\"https:\\\/\\\/leadergute.se\\\/wp-content\\\/uploads\\\/sites\\\/36\\\/2025\\\/08\\\/Projektstod-langsmal-bild-scaled.jpg\",\"articleSection\":[\"Nyheter\"],\"inLanguage\":\"en-US\"},{\"@type\":\"WebPage\",\"@id\":\"https:\\\/\\\/leadergute.se\\\/sista-chansen-att-soka-storre-projektstod-fran-leader-gute-under-denna-period\\\/\",\"url\":\"https:\\\/\\\/leadergute.se\\\/sista-chansen-att-soka-storre-projektstod-fran-leader-gute-under-denna-period\\\/\",\"name\":\"Sista chansen att s\u00f6ka st\u00f6rre projektst\u00f6d fr\u00e5n Leader Gute under denna period - Leader Gute\",\"isPartOf\":{\"@id\":\"https:\\\/\\\/leadergute.se\\\/#website\"},\"primaryImageOfPage\":{\"@id\":\"https:\\\/\\\/leadergute.se\\\/sista-chansen-att-soka-storre-projektstod-fran-leader-gute-under-denna-period\\\/#primaryimage\"},\"image\":{\"@id\":\"https:\\\/\\\/leadergute.se\\\/sista-chansen-att-soka-storre-projektstod-fran-leader-gute-under-denna-period\\\/#primaryimage\"},\"thumbnailUrl\":\"https:\\\/\\\/leadergute.se\\\/wp-content\\\/uploads\\\/sites\\\/36\\\/2025\\\/08\\\/Projektstod-langsmal-bild-scaled.jpg\",\"datePublished\":\"2026-09-02T11:40:59+00:00\",\"dateModified\":\"2026-09-02T13:25:20+00:00\",\"author\":{\"@id\":\"https:\\\/\\\/leadergute.se\\\/#\\\/schema\\\/person\\\/a0d04777a5cacd84f5fe17b1517e9ff2\"},\"breadcrumb\":{\"@id\":\"https:\\\/\\\/leadergute.se\\\/sista-chansen-att-soka-storre-projektstod-fran-leader-gute-under-denna-period\\\/#breadcrumb\"},\"inLanguage\":\"en-US\",\"potentialAction\":[{\"@type\":\"ReadAction\",\"target\":[\"https:\\\/\\\/leadergute.se\\\/sista-chansen-att-soka-storre-projektstod-fran-leader-gute-under-denna-period\\\/\"]}]},{\"@type\":\"ImageObject\",\"inLanguage\":\"en-US\",\"@id\":\"https:\\\/\\\/leadergute.se\\\/sista-chansen-att-soka-storre-projektstod-fran-leader-gute-under-denna-period\\\/#primaryimage\",\"url\":\"https:\\\/\\\/leadergute.se\\\/wp-content\\\/uploads\\\/sites\\\/36\\\/2025\\\/08\\\/Projektstod-langsmal-bild-scaled.jpg\",\"contentUrl\":\"https:\\\/\\\/leadergute.se\\\/wp-content\\\/uploads\\\/sites\\\/36\\\/2025\\\/08\\\/Projektstod-langsmal-bild-scaled.jpg\",\"width\":2560,\"height\":1090},{\"@type\":\"BreadcrumbList\",\"@id\":\"https:\\\/\\\/leadergute.se\\\/sista-chansen-att-soka-storre-projektstod-fran-leader-gute-under-denna-period\\\/#breadcrumb\",\"itemListElement\":[{\"@type\":\"ListItem\",\"position\":1,\"name\":\"Hem\",\"item\":\"https:\\\/\\\/leadergute.se\\\/\"},{\"@type\":\"ListItem\",\"position\":2,\"name\":\"Sista chansen att s\u00f6ka st\u00f6rre projektst\u00f6d fr\u00e5n Leader Gute under denna period\"}]},{\"@type\":\"WebSite\",\"@id\":\"https:\\\/\\\/leadergute.se\\\/#website\",\"url\":\"https:\\\/\\\/leadergute.se\\\/\",\"name\":\"Leader Gute\",\"description\":\"\",\"potentialAction\":[{\"@type\":\"SearchAction\",\"target\":{\"@type\":\"EntryPoint\",\"urlTemplate\":\"https:\\\/\\\/leadergute.se\\\/?s={search_term_string}\"},\"query-input\":{\"@type\":\"PropertyValueSpecification\",\"valueRequired\":true,\"valueName\":\"search_term_string\"}}],\"inLanguage\":\"en-US\"},{\"@type\":\"Person\",\"@id\":\"https:\\\/\\\/leadergute.se\\\/#\\\/schema\\\/person\\\/a0d04777a5cacd84f5fe17b1517e9ff2\",\"name\":\"jorgen\",\"image\":{\"@type\":\"ImageObject\",\"inLanguage\":\"en-US\",\"@id\":\"https:\\\/\\\/secure.gravatar.com\\\/avatar\\\/2d110fef37f8f5c6fc541384f74b678677f604e139699120ae022353ef094433?s=96&d=mm&r=g\",\"url\":\"https:\\\/\\\/secure.gravatar.com\\\/avatar\\\/2d110fef37f8f5c6fc541384f74b678677f604e139699120ae022353ef094433?s=96&d=mm&r=g\",\"contentUrl\":\"https:\\\/\\\/secure.gravatar.com\\\/avatar\\\/2d110fef37f8f5c6fc541384f74b678677f604e139699120ae022353ef094433?s=96&d=mm&r=g\",\"caption\":\"jorgen\"}}]}<\/script>\n<!-- \/ Yoast SEO plugin. -->","yoast_head_json":{"title":"Sista chansen att s\u00f6ka st\u00f6rre projektst\u00f6d fr\u00e5n Leader Gute under denna period - Leader Gute","robots":{"index":"index","follow":"follow","max-snippet":"max-snippet:-1","max-image-preview":"max-image-preview:large","max-video-preview":"max-video-preview:-1"},"canonical":"https:\/\/leadergute.se\/en\/sista-chansen-att-soka-storre-projektstod-fran-leader-gute-under-denna-period\/","og_locale":"en_US","og_type":"article","og_title":"Sista chansen att s\u00f6ka st\u00f6rre projektst\u00f6d fr\u00e5n Leader Gute under denna period - Leader Gute","og_description":"Under denna programperiod (2023\u20132027) har Leader Gute hittills prioriterat 27 st\u00f6rre projektst\u00f6d f\u00f6r totalt 14,5 miljoner kronor. Nu finns begr\u00e4nsade medel kvar att s\u00f6ka \u2013 skicka in en checklista senast den 15 september till Leader Gute om ni vill s\u00f6ka projektst\u00f6d av oss! N\u00e4r det g\u00e4ller minist\u00f6d finns det flera olika st\u00f6d f\u00f6r b\u00e5de f\u00f6reningar och f\u00f6retag att s\u00f6ka nu och fram\u00e5t i tiden.","og_url":"https:\/\/leadergute.se\/en\/sista-chansen-att-soka-storre-projektstod-fran-leader-gute-under-denna-period\/","og_site_name":"Leader Gute","article_published_time":"2026-09-02T11:40:59+00:00","article_modified_time":"2026-09-02T13:25:20+00:00","og_image":[{"width":2560,"height":1090,"url":"https:\/\/leadergute.se\/wp-content\/uploads\/sites\/36\/2025\/08\/Projektstod-langsmal-bild-scaled.jpg","type":"image\/jpeg"}],"author":"jorgen","twitter_card":"summary_large_image","twitter_misc":{"Written by":"jorgen","Est. reading time":"3 minutes"},"schema":{"@context":"https:\/\/schema.org","@graph":[{"@type":"Article","@id":"https:\/\/leadergute.se\/sista-chansen-att-soka-storre-projektstod-fran-leader-gute-under-denna-period\/#article","isPartOf":{"@id":"https:\/\/leadergute.se\/sista-chansen-att-soka-storre-projektstod-fran-leader-gute-under-denna-period\/"},"author":{"name":"jorgen","@id":"https:\/\/leadergute.se\/#\/schema\/person\/a0d04777a5cacd84f5fe17b1517e9ff2"},"headline":"Sista chansen att s\u00f6ka st\u00f6rre projektst\u00f6d fr\u00e5n Leader Gute under denna period","datePublished":"2026-09-02T11:40:59+00:00","dateModified":"2026-09-02T13:25:20+00:00","mainEntityOfPage":{"@id":"https:\/\/leadergute.se\/sista-chansen-att-soka-storre-projektstod-fran-leader-gute-under-denna-period\/"},"wordCount":533,"image":{"@id":"https:\/\/leadergute.se\/sista-chansen-att-soka-storre-projektstod-fran-leader-gute-under-denna-period\/#primaryimage"},"thumbnailUrl":"https:\/\/leadergute.se\/wp-content\/uploads\/sites\/36\/2025\/08\/Projektstod-langsmal-bild-scaled.jpg","articleSection":["Nyheter"],"inLanguage":"en-US"},{"@type":"WebPage","@id":"https:\/\/leadergute.se\/sista-chansen-att-soka-storre-projektstod-fran-leader-gute-under-denna-period\/","url":"https:\/\/leadergute.se\/sista-chansen-att-soka-storre-projektstod-fran-leader-gute-under-denna-period\/","name":"Sista chansen att s\u00f6ka st\u00f6rre projektst\u00f6d fr\u00e5n Leader Gute under denna period - Leader Gute","isPartOf":{"@id":"https:\/\/leadergute.se\/#website"},"primaryImageOfPage":{"@id":"https:\/\/leadergute.se\/sista-chansen-att-soka-storre-projektstod-fran-leader-gute-under-denna-period\/#primaryimage"},"image":{"@id":"https:\/\/leadergute.se\/sista-chansen-att-soka-storre-projektstod-fran-leader-gute-under-denna-period\/#primaryimage"},"thumbnailUrl":"https:\/\/leadergute.se\/wp-content\/uploads\/sites\/36\/2025\/08\/Projektstod-langsmal-bild-scaled.jpg","datePublished":"2026-09-02T11:40:59+00:00","dateModified":"2026-09-02T13:25:20+00:00","author":{"@id":"https:\/\/leadergute.se\/#\/schema\/person\/a0d04777a5cacd84f5fe17b1517e9ff2"},"breadcrumb":{"@id":"https:\/\/leadergute.se\/sista-chansen-att-soka-storre-projektstod-fran-leader-gute-under-denna-period\/#breadcrumb"},"inLanguage":"en-US","potentialAction":[{"@type":"ReadAction","target":["https:\/\/leadergute.se\/sista-chansen-att-soka-storre-projektstod-fran-leader-gute-under-denna-period\/"]}]},{"@type":"ImageObject","inLanguage":"en-US","@id":"https:\/\/leadergute.se\/sista-chansen-att-soka-storre-projektstod-fran-leader-gute-under-denna-period\/#primaryimage","url":"https:\/\/leadergute.se\/wp-content\/uploads\/sites\/36\/2025\/08\/Projektstod-langsmal-bild-scaled.jpg","contentUrl":"https:\/\/leadergute.se\/wp-content\/uploads\/sites\/36\/2025\/08\/Projektstod-langsmal-bild-scaled.jpg","width":2560,"height":1090},{"@type":"BreadcrumbList","@id":"https:\/\/leadergute.se\/sista-chansen-att-soka-storre-projektstod-fran-leader-gute-under-denna-period\/#breadcrumb","itemListElement":[{"@type":"ListItem","position":1,"name":"Hem","item":"https:\/\/leadergute.se\/"},{"@type":"ListItem","position":2,"name":"Sista chansen att s\u00f6ka st\u00f6rre projektst\u00f6d fr\u00e5n Leader Gute under denna period"}]},{"@type":"WebSite","@id":"https:\/\/leadergute.se\/#website","url":"https:\/\/leadergute.se\/","name":"Leader Gute","description":"","potentialAction":[{"@type":"SearchAction","target":{"@type":"EntryPoint","urlTemplate":"https:\/\/leadergute.se\/?s={search_term_string}"},"query-input":{"@type":"PropertyValueSpecification","valueRequired":true,"valueName":"search_term_string"}}],"inLanguage":"en-US"},{"@type":"Person","@id":"https:\/\/leadergute.se\/#\/schema\/person\/a0d04777a5cacd84f5fe17b1517e9ff2","name":"jorgen","image":{"@type":"ImageObject","inLanguage":"en-US","@id":"https:\/\/secure.gravatar.com\/avatar\/2d110fef37f8f5c6fc541384f74b678677f604e139699120ae022353ef094433?s=96&d=mm&r=g","url":"https:\/\/secure.gravatar.com\/avatar\/2d110fef37f8f5c6fc541384f74b678677f604e139699120ae022353ef094433?s=96&d=mm&r=g","contentUrl":"https:\/\/secure.gravatar.com\/avatar\/2d110fef37f8f5c6fc541384f74b678677f604e139699120ae022353ef094433?s=96&d=mm&r=g","caption":"jorgen"}}]}},"_links":{"self":[{"href":"https:\/\/leadergute.se\/en\/wp-json\/wp\/v2\/posts\/8395","targetHints":{"allow":["GET"]}}],"collection":[{"href":"https:\/\/leadergute.se\/en\/wp-json\/wp\/v2\/posts"}],"about":[{"href":"https:\/\/leadergute.se\/en\/wp-json\/wp\/v2\/types\/post"}],"author":[{"embeddable":true,"href":"https:\/\/leadergute.se\/en\/wp-json\/wp\/v2\/users\/9"}],"replies":[{"embeddable":true,"href":"https:\/\/leadergute.se\/en\/wp-json\/wp\/v2\/comments?post=8395"}],"version-history":[{"count":4,"href":"https:\/\/leadergute.se\/en\/wp-json\/wp\/v2\/posts\/8395\/revisions"}],"predecessor-version":[{"id":8400,"href":"https:\/\/leadergute.se\/en\/wp-json\/wp\/v2\/posts\/8395\/revisions\/8400"}],"wp:featuredmedia":[{"embeddable":true,"href":"https:\/\/leadergute.se\/en\/wp-json\/wp\/v2\/media\/6679"}],"wp:attachment":[{"href":"https:\/\/leadergute.se\/en\/wp-json\/wp\/v2\/media?parent=8395"}],"wp:term":[{"taxonomy":"category","embeddable":true,"href":"https:\/\/leadergute.se\/en\/wp-json\/wp\/v2\/categories?post=8395"},{"taxonomy":"post_tag","embeddable":true,"href":"https:\/\/leadergute.se\/en\/wp-json\/wp\/v2\/tags?post=8395"}],"curies":[{"name":"wp","href":"https:\/\/api.w.org\/{rel}","templated":true}]}}